{"id":877,"__str__":"Projeto de Lei do Legislativo n\u00ba 3 de 2020","link_detail_backend":"/materia/877","metadata":{},"numero":3,"ano":2020,"numero_protocolo":null,"data_apresentacao":"2020-05-08","tipo_apresentacao":"E","data_publicacao":null,"numero_origem_externa":"","ano_origem_externa":null,"data_origem_externa":null,"apelido":"","dias_prazo":null,"data_fim_prazo":null,"em_tramitacao":true,"polemica":null,"objeto":"","complementar":null,"ementa":"PROJETO DE LEI N\u00ba 03, DE 11 DE MAIO DE 2020.\r\n\r\nAUTORIA: VEREADOR BENILTO JOS\u00c9 DE BRITO - PSB\r\n\r\nINSTITUI O DIA MUNICIPAL DA CONSCIENTIZA\u00c7\u00c3O DO AUTISMO NO CALEND\u00c1RIO OFICIAL DE DATAS  E EVENTOS DO MUNIC\u00cdPIO DE IGUAPE \u2013 EST\u00c2NCIA BALNE\u00c1RIA \u2013 ESTADO DE S\u00c3O PAULO.","indexacao":"","observacao":"","resultado":"","texto_original":"http://sapl.iguape.sp.leg.br/media/sapl/public/materialegislativa/2020/877/projeto_de_lei_-_valvula_de_ar_-_beto_xavier_-_psdb.pdf","data_ultima_atualizacao":"2020-05-12T12:31:52.332130-03:00","ip":"131.196.106.10","ultima_edicao":null,"tipo":14,"regime_tramitacao":1,"tipo_origem_externa":null,"local_origem_externa":null,"user":4,"anexadas":[],"autores":[3]}